{"id":12358,"date":"2011-07-28T00:00:00","date_gmt":"2011-07-27T23:00:00","guid":{"rendered":"https:\/\/www2.prva-klinika.si\/veterinarski-nasvet\/obarvanje-psa-zaradi-b-karotena\/"},"modified":"2011-07-28T00:00:00","modified_gmt":"2011-07-27T23:00:00","slug":"obarvanje-psa-zaradi-b-karotena","status":"publish","type":"post","link":"https:\/\/www.prva-klinika.si\/veterinarski-nasvet\/obarvanje-psa-zaradi-b-karotena\/","title":{"rendered":"OBARVANJE PSA ZARADI B-KAROTENA"},"content":{"rendered":"<p><strong>VPRA\u0160ANJE:<\/strong><\/p>\n<p> Zanima me, ali se res lahko psi obarvajo zaradi dodatkov v hrani, na primer v Eukanubi? S to hrano imam super izku\u0161nje, sedanji ku\u017ea pa je bel, in ljudje &#8220;pani\u010dno&#8221; opzarjajo, da bo ku\u017eika oran\u017ena. Koliko dodatkov je potrebno v hrani, da se ku\u017ea obarva? Ali je mo\u017eno, da se DA obarva zaradi Eukanube? Ker zaradi Pro Plan-a se ni. Hvala za odg. \ud83d\ude42<\/p>\n<p><strong>ODGOVOR:<\/strong><\/p>\n<p>Tudi jaz sem sli\u0161ala za te govorice, a do sedaj \u0161e nikoli nisem videla  takega psa, ki bi se obarval rumeno. Veliko mojih pacientov, ki so bele  barve, u\u017eiva hrano Eukanuba, a pri njih nikoli nisem opazila, da bi se  dlaka obarvala. Lep pozdrav, mag. Sabina Stariha Pipan, dr. vet. med.<\/p>\n","protected":false},"excerpt":{"rendered":"<p>VPRA\u0160ANJE: Zanima me, ali se res lahko psi obarvajo zaradi dodatkov v hrani, na primer v Eukanubi? S to hrano imam super izku\u0161nje, sedanji ku\u017ea pa je bel, in ljudje &#8220;pani\u010dno&#8221; opzarjajo, da bo ku\u017eika oran\u017ena. Koliko dodatkov je potrebno v hrani, da se ku\u017ea obarva? Ali je mo\u017eno, da se DA obarva zaradi Eukanube? [&hellip;]<\/p>\n","protected":false},"author":1,"featured_media":0,"comment_status":"closed","ping_status":"closed","sticky":false,"template":"","format":"standard","meta":[],"categories":[121,132,123,365],"tags":[702,703,704,705],"acf":[],"_links":{"self":[{"href":"https:\/\/www.prva-klinika.si\/veterinarski-nasvet\/wp-json\/wp\/v2\/posts\/12358"}],"collection":[{"href":"https:\/\/www.prva-klinika.si\/veterinarski-nasvet\/wp-json\/wp\/v2\/posts"}],"about":[{"href":"https:\/\/www.prva-klinika.si\/veterinarski-nasvet\/wp-json\/wp\/v2\/types\/post"}],"author":[{"embeddable":true,"href":"https:\/\/www.prva-klinika.si\/veterinarski-nasvet\/wp-json\/wp\/v2\/users\/1"}],"replies":[{"embeddable":true,"href":"https:\/\/www.prva-klinika.si\/veterinarski-nasvet\/wp-json\/wp\/v2\/comments?post=12358"}],"version-history":[{"count":0,"href":"https:\/\/www.prva-klinika.si\/veterinarski-nasvet\/wp-json\/wp\/v2\/posts\/12358\/revisions"}],"wp:attachment":[{"href":"https:\/\/www.prva-klinika.si\/veterinarski-nasvet\/wp-json\/wp\/v2\/media?parent=12358"}],"wp:term":[{"taxonomy":"category","embeddable":true,"href":"https:\/\/www.prva-klinika.si\/veterinarski-nasvet\/wp-json\/wp\/v2\/categories?post=12358"},{"taxonomy":"post_tag","embeddable":true,"href":"https:\/\/www.prva-klinika.si\/veterinarski-nasvet\/wp-json\/wp\/v2\/tags?post=12358"}],"curies":[{"name":"wp","href":"https:\/\/api.w.org\/{rel}","templated":true}]}}