{"id":13156,"date":"2013-01-26T00:00:00","date_gmt":"2013-01-25T23:00:00","guid":{"rendered":"https:\/\/www2.prva-klinika.si\/veterinarski-nasvet\/napad-eplilepsije-kod-psa\/"},"modified":"2013-01-26T00:00:00","modified_gmt":"2013-01-25T23:00:00","slug":"napad-eplilepsije-kod-psa","status":"publish","type":"post","link":"https:\/\/www.prva-klinika.si\/veterinarski-nasvet\/napad-eplilepsije-kod-psa\/","title":{"rendered":"NAPAD EPILEPSIJE KOD PSA?"},"content":{"rendered":"<p><strong>VPRA\u0160ANJE:<\/strong><\/p>\n<p>Po\u0161tovani g. Zaninovi\u0107, pi\u0161em Vam iz Karlovca, iz Hrvatske, po preporuci prijatelja kojemu ste prije pomogli. Moj pas (tata mu je engleski seter, a mama navodno mje\u0161anka izme\u0111u labradora i border kolija) je u nedjelju (6.1.) imao prvi epilepti\u010dki napad koji je trajao nekoliko minuta. Nakon \u0161to je do\u0161ao svijesti, bio je dobro.<br \/> Bili smo kod veterinara koji mu nije prepisao nikakvu terapiju, ve\u0107 je rekao da samo pripazimo koliko \u010desto \u0107e se napadi de\u0161avati, pa da \u0107emo ovisno o tome dalje. Danas (11.1.) je imao du\u017ei napad (oko 10 minuta, mo\u017eda i du\u017ee), i u velikoj smo brizi. Prije toga brat je primjetio da je bio prili\u010dno hiperaktivan. Pas je star 2 godine i 9 mjeseci, i ina\u010de je fizi\u010dki isti engleski seter, ljudi misle da je \u010distokrvan. Koji je Va\u0161 savjet? Koja je najbolja terapija? Jako se brinem jer je napad jak, nakon njega pas je u strahu (ugrizao je mog brata ubrzo nakon prvog napada jer jo\u0161 nije do\u0161ao k sebi) pa se brinemo da ne bi nekog drugog ugrizao ako se napad desi malo dalje od ku\u0107e. Ali prije svega \u017eelimo da na Otto ozdravi. Ina\u010de pas je cijeli dan na otvorenom, jedino spava i jede u boxu, izrazito dobro\u0107udan i umiljat i aktivo \u017eivi, svaki dan ide u duge \u0161etnje i na istr\u010davanje.<\/p>\n<p><strong>ODGOVOR:<\/strong><\/p>\n<p>Po\u0161tovani!<br \/> Uzroci epilepsije kod psa te starosti i pasmine mogu biti razli\u010diti. Naj\u010de\u0161\u010de su ili upalne naravi (meningoencefalitis) ili genetske naravi (idiopatska epilepsija). Postoje\u00a0 naravno i drugi uzroci, npr. metabolni, neoplasti\u010dni idr. Zato kod takvog pacienta savjetujemo napraviti neurolo\u0161ki pregled, osnovne krvne i urinske analize, RTG i ultrazvuk, te analizu cerebrospinalne teku\u010dine. Sa tim pretragama poku\u0161avamo isklju\u010diti\/potvrditi mogu\u0107i uzrok epilepsije. Ako bi te pretrage \u017eeljeli napraviti kod nas, morate se dogovoriti za termin preko recepcije klinike (0038612005180). Radi u\u0107estalosti napada u zadnjem mjesecu u svakom slu\u0107aju bi bilo dobro po\u010deti sa antiepilepticima. Ako se napadi ne kontroliraju, mo\u017ee naime do\u0107i do statusa epileptikusa. Radi kompleksnosti situacije mo\u017eda bi bilo najbolje, da me nazovete osobno. Lijep pozdrav, Vice Zaninovi\u0107, dr. vet. med.<\/p>\n","protected":false},"excerpt":{"rendered":"<p>VPRA\u0160ANJE: Po\u0161tovani g. Zaninovi\u0107, pi\u0161em Vam iz Karlovca, iz Hrvatske, po preporuci prijatelja kojemu ste prije pomogli. Moj pas (tata mu je engleski seter, a mama navodno mje\u0161anka izme\u0111u labradora i border kolija) je u nedjelju (6.1.) imao prvi epilepti\u010dki napad koji je trajao nekoliko minuta. Nakon \u0161to je do\u0161ao svijesti, bio je dobro. Bili [&hellip;]<\/p>\n","protected":false},"author":1,"featured_media":0,"comment_status":"closed","ping_status":"closed","sticky":false,"template":"","format":"standard","meta":[],"categories":[132],"tags":[],"acf":[],"_links":{"self":[{"href":"https:\/\/www.prva-klinika.si\/veterinarski-nasvet\/wp-json\/wp\/v2\/posts\/13156"}],"collection":[{"href":"https:\/\/www.prva-klinika.si\/veterinarski-nasvet\/wp-json\/wp\/v2\/posts"}],"about":[{"href":"https:\/\/www.prva-klinika.si\/veterinarski-nasvet\/wp-json\/wp\/v2\/types\/post"}],"author":[{"embeddable":true,"href":"https:\/\/www.prva-klinika.si\/veterinarski-nasvet\/wp-json\/wp\/v2\/users\/1"}],"replies":[{"embeddable":true,"href":"https:\/\/www.prva-klinika.si\/veterinarski-nasvet\/wp-json\/wp\/v2\/comments?post=13156"}],"version-history":[{"count":0,"href":"https:\/\/www.prva-klinika.si\/veterinarski-nasvet\/wp-json\/wp\/v2\/posts\/13156\/revisions"}],"wp:attachment":[{"href":"https:\/\/www.prva-klinika.si\/veterinarski-nasvet\/wp-json\/wp\/v2\/media?parent=13156"}],"wp:term":[{"taxonomy":"category","embeddable":true,"href":"https:\/\/www.prva-klinika.si\/veterinarski-nasvet\/wp-json\/wp\/v2\/categories?post=13156"},{"taxonomy":"post_tag","embeddable":true,"href":"https:\/\/www.prva-klinika.si\/veterinarski-nasvet\/wp-json\/wp\/v2\/tags?post=13156"}],"curies":[{"name":"wp","href":"https:\/\/api.w.org\/{rel}","templated":true}]}}