{"id":13294,"date":"2013-03-20T00:00:00","date_gmt":"2013-03-19T23:00:00","guid":{"rendered":"https:\/\/www2.prva-klinika.si\/veterinarski-nasvet\/maltezan-bruha-in-se-trese\/"},"modified":"2013-03-20T00:00:00","modified_gmt":"2013-03-19T23:00:00","slug":"maltezan-bruha-in-se-trese","status":"publish","type":"post","link":"https:\/\/www.prva-klinika.si\/veterinarski-nasvet\/maltezan-bruha-in-se-trese\/","title":{"rendered":"MALTE\u017dAN BRUHA IN SE TRESE"},"content":{"rendered":"<p><strong>VPRA\u0160ANJE:<\/strong><\/p>\n<p>Opa\u017eamo da se na\u0161 malet\u017ean star okrog 2 leti in pol ve\u010dkrat trese (npr ko spi ali le\u017ei in se nato vstane in gre le\u017eati drugam) in smo najprej mislili da sanja ali pa da ga zebe.Danes je zjutraj za\u010del bruhati belo sluzasto peno in to po\u010dne \u017ee cel dan,pravtako \u017ee od jutra ni jedel ni\u010d (ponavadi mu dajemo pasjo hrano iz 100g vre\u010dke).Pred 2 dnevoma je dobil 1 tableto dehinel ali pratel se ne spomin to\u010dno proti glistam&#8230;Bruha tudi \u010de popije le vodo.Dal sem mu mleko pa ni ni\u010d bolje&#8230;Ker se to pojavlja \u017ee cel dan ga bom peljal jutri zjutraj k veterinarju ali morda \u017ee danes k de\u017eurnemu \u010de sploh kdo dela.Mislite da je pojedel strup?<\/p>\n<p><strong>ODGOVOR:<\/strong><\/p>\n<p>Peljite psa \u00a0k veterinarju ali ga pokli\u010dite po telefonu. Glede na opis, je nemogo\u010de svetovati in vedeti, kaj je s psom narobe. Lp, Prva-K<\/p>\n","protected":false},"excerpt":{"rendered":"<p>VPRA\u0160ANJE: Opa\u017eamo da se na\u0161 malet\u017ean star okrog 2 leti in pol ve\u010dkrat trese (npr ko spi ali le\u017ei in se nato vstane in gre le\u017eati drugam) in smo najprej mislili da sanja ali pa da ga zebe.Danes je zjutraj za\u010del bruhati belo sluzasto peno in to po\u010dne \u017ee cel dan,pravtako \u017ee od jutra ni [&hellip;]<\/p>\n","protected":false},"author":1,"featured_media":0,"comment_status":"closed","ping_status":"closed","sticky":false,"template":"","format":"standard","meta":[],"categories":[121,132,123,365],"tags":[915],"acf":[],"_links":{"self":[{"href":"https:\/\/www.prva-klinika.si\/veterinarski-nasvet\/wp-json\/wp\/v2\/posts\/13294"}],"collection":[{"href":"https:\/\/www.prva-klinika.si\/veterinarski-nasvet\/wp-json\/wp\/v2\/posts"}],"about":[{"href":"https:\/\/www.prva-klinika.si\/veterinarski-nasvet\/wp-json\/wp\/v2\/types\/post"}],"author":[{"embeddable":true,"href":"https:\/\/www.prva-klinika.si\/veterinarski-nasvet\/wp-json\/wp\/v2\/users\/1"}],"replies":[{"embeddable":true,"href":"https:\/\/www.prva-klinika.si\/veterinarski-nasvet\/wp-json\/wp\/v2\/comments?post=13294"}],"version-history":[{"count":0,"href":"https:\/\/www.prva-klinika.si\/veterinarski-nasvet\/wp-json\/wp\/v2\/posts\/13294\/revisions"}],"wp:attachment":[{"href":"https:\/\/www.prva-klinika.si\/veterinarski-nasvet\/wp-json\/wp\/v2\/media?parent=13294"}],"wp:term":[{"taxonomy":"category","embeddable":true,"href":"https:\/\/www.prva-klinika.si\/veterinarski-nasvet\/wp-json\/wp\/v2\/categories?post=13294"},{"taxonomy":"post_tag","embeddable":true,"href":"https:\/\/www.prva-klinika.si\/veterinarski-nasvet\/wp-json\/wp\/v2\/tags?post=13294"}],"curies":[{"name":"wp","href":"https:\/\/api.w.org\/{rel}","templated":true}]}}