{"id":13379,"date":"2013-04-13T00:00:00","date_gmt":"2013-04-12T23:00:00","guid":{"rendered":"https:\/\/www2.prva-klinika.si\/veterinarski-nasvet\/za-salon-rdeckasto-obarvana-dlaka-po-sredini-hrbta-2\/"},"modified":"2013-04-13T00:00:00","modified_gmt":"2013-04-12T23:00:00","slug":"za-salon-rdeckasto-obarvana-dlaka-po-sredini-hrbta-2","status":"publish","type":"post","link":"https:\/\/www.prva-klinika.si\/veterinarski-nasvet\/za-salon-rdeckasto-obarvana-dlaka-po-sredini-hrbta-2\/","title":{"rendered":"RDE\u010cKASTO OBARVANA DLAKA PO SREDINI HRBTA"},"content":{"rendered":"<p><strong>VPRA\u0160ANJE:<\/strong><\/p>\n<p>Imam 3 leta staro vi\u0161avko Ajko. \u017de kar nekaj \u010dasa opa\u017eam, da se ji je za\u010dela rde\u010dkasto barvati dlaka po sredini hrbta. Zanima me, zakaj se je to za\u010delo dogajati? Ali je to res od hrane? Sama jo hranim namre\u010d s kvalitetno suho hrano Orijen in pasjo konzervo. Do sedaj je bila pri pasjem frizerju le enkrat, saj jo stri\u017eemo doma.<\/p>\n<p><strong>ODGOVOR:<\/strong><\/p>\n<p>Nisem \u0161e imela primera, da bi se dlaka obarvala zaradi hrane. Mogo\u010de bi bilo dobro, \u010de bi se o tem pozanimali pri izdelovalcu hrane. Oni bi vam vedeli povedati, \u010de njihova hrana vsebuje kaj, kar bi dlako lahko obarvalo. Lep pozdrav, mag. Sabina Stariha Pipan, dr. vet. med.<\/p>\n<p>Barva dlake je v najve\u010dji meri odvisna od genetskih predispozicij. Ve\u010d o tem in obarvanosti dlake si lahko preberete tukaj <a href=\"http:\/\/www.doggenetics.co.uk\/basicterms.html\" target=\"_blank\" rel=\"noopener noreferrer\">http:\/\/www.doggenetics.co.uk\/<wbr>basicterms.html<\/wbr><\/a>. Eden od mo\u017enih razlogov je tudi sonce, ki v\u010dasih \u010drno dlako rahlo obarva rde\u010de. Lp, Sara Zaninovi\u0107<\/p>\n","protected":false},"excerpt":{"rendered":"<p>VPRA\u0160ANJE: Imam 3 leta staro vi\u0161avko Ajko. \u017de kar nekaj \u010dasa opa\u017eam, da se ji je za\u010dela rde\u010dkasto barvati dlaka po sredini hrbta. Zanima me, zakaj se je to za\u010delo dogajati? Ali je to res od hrane? Sama jo hranim namre\u010d s kvalitetno suho hrano Orijen in pasjo konzervo. Do sedaj je bila pri pasjem [&hellip;]<\/p>\n","protected":false},"author":1,"featured_media":0,"comment_status":"closed","ping_status":"closed","sticky":false,"template":"","format":"standard","meta":[],"categories":[121,132,123,365],"tags":[935],"acf":[],"_links":{"self":[{"href":"https:\/\/www.prva-klinika.si\/veterinarski-nasvet\/wp-json\/wp\/v2\/posts\/13379"}],"collection":[{"href":"https:\/\/www.prva-klinika.si\/veterinarski-nasvet\/wp-json\/wp\/v2\/posts"}],"about":[{"href":"https:\/\/www.prva-klinika.si\/veterinarski-nasvet\/wp-json\/wp\/v2\/types\/post"}],"author":[{"embeddable":true,"href":"https:\/\/www.prva-klinika.si\/veterinarski-nasvet\/wp-json\/wp\/v2\/users\/1"}],"replies":[{"embeddable":true,"href":"https:\/\/www.prva-klinika.si\/veterinarski-nasvet\/wp-json\/wp\/v2\/comments?post=13379"}],"version-history":[{"count":0,"href":"https:\/\/www.prva-klinika.si\/veterinarski-nasvet\/wp-json\/wp\/v2\/posts\/13379\/revisions"}],"wp:attachment":[{"href":"https:\/\/www.prva-klinika.si\/veterinarski-nasvet\/wp-json\/wp\/v2\/media?parent=13379"}],"wp:term":[{"taxonomy":"category","embeddable":true,"href":"https:\/\/www.prva-klinika.si\/veterinarski-nasvet\/wp-json\/wp\/v2\/categories?post=13379"},{"taxonomy":"post_tag","embeddable":true,"href":"https:\/\/www.prva-klinika.si\/veterinarski-nasvet\/wp-json\/wp\/v2\/tags?post=13379"}],"curies":[{"name":"wp","href":"https:\/\/api.w.org\/{rel}","templated":true}]}}