{"id":14103,"date":"2014-01-10T00:00:00","date_gmt":"2014-01-09T23:00:00","guid":{"rendered":"https:\/\/www2.prva-klinika.si\/veterinarski-nasvet\/tezave-z-dihanjem\/"},"modified":"2014-01-10T00:00:00","modified_gmt":"2014-01-09T23:00:00","slug":"tezave-z-dihanjem","status":"publish","type":"post","link":"https:\/\/www.prva-klinika.si\/veterinarski-nasvet\/tezave-z-dihanjem\/","title":{"rendered":"TE\u017dAVE Z DIHANJEM"},"content":{"rendered":"<p><strong>VPRA\u0160ANJE:<\/strong><\/p>\n<p>Pozdravljeni. Pri svoji ma\u010dki,stari 5 let,sem opazila da zadnja 2 meseca malce glasneje diha med spanjem.Sli\u0161i se samo od blizu,dihanje ni ni\u010d po\u010dasnej\u0161e ali hitrej\u0161e kot prej, obna\u0161anje se ni ni\u010d spremenilo, normalno je in pije. Zanima me, \u010de je mo\u017eno,da je to zaradi suhega zraka v stanovanju zaradi centralnega ogrevanja?<br \/> \u017de vnaprej se Vam zelo lepo zahvaljujem za odgovor.<\/p>\n<p><strong>ODGOVOR:<\/strong><\/p>\n<p>Pozdravljeni!<br \/> Vzrokov je veliko, manj verjetno , da zaradi centralnega ogrevanja. \u010ce se te\u017eave nadaljujejo, svetujem opraviti internisti\u010dni pregled in po potrebi RTG. Pri nas se lahko obrnete na dr. \u0160imundi\u0107 ali dr. Brlo\u017enik, tel. \u0161t. klinike je 012005180.<br \/> Lep pozdrav,\u00a0Vice Zaninovi\u0107, dr. vet. med.<\/p>\n","protected":false},"excerpt":{"rendered":"<p>VPRA\u0160ANJE: Pozdravljeni. Pri svoji ma\u010dki,stari 5 let,sem opazila da zadnja 2 meseca malce glasneje diha med spanjem.Sli\u0161i se samo od blizu,dihanje ni ni\u010d po\u010dasnej\u0161e ali hitrej\u0161e kot prej, obna\u0161anje se ni ni\u010d spremenilo, normalno je in pije. Zanima me, \u010de je mo\u017eno,da je to zaradi suhega zraka v stanovanju zaradi centralnega ogrevanja? \u017de vnaprej se [&hellip;]<\/p>\n","protected":false},"author":1,"featured_media":0,"comment_status":"closed","ping_status":"closed","sticky":false,"template":"","format":"standard","meta":[],"categories":[140,132,123,365],"tags":[249],"acf":[],"_links":{"self":[{"href":"https:\/\/www.prva-klinika.si\/veterinarski-nasvet\/wp-json\/wp\/v2\/posts\/14103"}],"collection":[{"href":"https:\/\/www.prva-klinika.si\/veterinarski-nasvet\/wp-json\/wp\/v2\/posts"}],"about":[{"href":"https:\/\/www.prva-klinika.si\/veterinarski-nasvet\/wp-json\/wp\/v2\/types\/post"}],"author":[{"embeddable":true,"href":"https:\/\/www.prva-klinika.si\/veterinarski-nasvet\/wp-json\/wp\/v2\/users\/1"}],"replies":[{"embeddable":true,"href":"https:\/\/www.prva-klinika.si\/veterinarski-nasvet\/wp-json\/wp\/v2\/comments?post=14103"}],"version-history":[{"count":0,"href":"https:\/\/www.prva-klinika.si\/veterinarski-nasvet\/wp-json\/wp\/v2\/posts\/14103\/revisions"}],"wp:attachment":[{"href":"https:\/\/www.prva-klinika.si\/veterinarski-nasvet\/wp-json\/wp\/v2\/media?parent=14103"}],"wp:term":[{"taxonomy":"category","embeddable":true,"href":"https:\/\/www.prva-klinika.si\/veterinarski-nasvet\/wp-json\/wp\/v2\/categories?post=14103"},{"taxonomy":"post_tag","embeddable":true,"href":"https:\/\/www.prva-klinika.si\/veterinarski-nasvet\/wp-json\/wp\/v2\/tags?post=14103"}],"curies":[{"name":"wp","href":"https:\/\/api.w.org\/{rel}","templated":true}]}}