{"id":14334,"date":"2014-03-28T00:00:00","date_gmt":"2014-03-27T23:00:00","guid":{"rendered":"https:\/\/www2.prva-klinika.si\/veterinarski-nasvet\/za-salon-naj-postrizem-svojo-skotsko-ovcarko\/"},"modified":"2014-03-28T00:00:00","modified_gmt":"2014-03-27T23:00:00","slug":"za-salon-naj-postrizem-svojo-skotsko-ovcarko","status":"publish","type":"post","link":"https:\/\/www.prva-klinika.si\/veterinarski-nasvet\/za-salon-naj-postrizem-svojo-skotsko-ovcarko\/","title":{"rendered":"NAJ POSTRI\u017dEM \u0160KOTSKO OV\u010cARKO?"},"content":{"rendered":"<p><strong>VPRA\u0160ANJE:<\/strong><\/p>\n<p>imam 8 let staro dolgodlako \u0161kotsko ov\u010darko, navajeno bivanja zunaj. Imamo popolnoma ograjeno veliko dvori\u0161\u010de, sicer pa je tudi nau\u010dena da ne sme it sama s parcele (izredno brihtna psi\u010dka), te\u017eava pa nastopi poleti. Ker je izredno toplo se vedno skrije pod smreko, ki je na dvori\u0161\u010du. V zadnjem poletju je bilo na njej veliko smole in posledi\u010dno tudi na psi\u010dki. Nikakor je ne moremo pregovoriti da bi \u0161la v hi\u0161o\/gara\u017eo\/pesjak kjer je hladno, saj ima punca rada kontrolo nad vsem kar se dogaja &#8211; smreka je namre\u010d iz tega kota izredno privla\u010dna saj stoji tik ob vhodu na parcelo.\u00a0Vsak dan sem jo po tudi po 7x \u010desala, pa strigla smolo iz dlak in \u0161e vedno se je nisem re\u0161ila.. Zato razmi\u0161ljam da bi jo pred poletjem peljala v salon pobriti \u010disto na kratko. Ji bo dlaka pravo\u010dasno nazaj zrasla (pred zimo)? Kaj lahko storim?\u00a0Vnaprej najlep\u0161a hvala za odgovor.<\/p>\n<p><strong>ODGOVOR:<\/strong><\/p>\n<p>Spo\u0161tovana, vsakega\u00a0psa na\u010deloma lahko postri\u017eemo na kratko in dlaka jim do zime zraste nazaj. Ne ne verjamem pa da bo to re\u0161ilo te\u017eave s smolo. Morda dlaka ne bo ve\u010d zvozlana, ker bo kraj\u0161a a smola bo \u0161e vedno na njej. Predlagam, da se s smolo spoprimete na druga\u010den na\u010din. Morda s kak\u0161nim kartonom ali rjuho lahko za\u0161\u010ditite prostor pod smreko. Kar se ti\u010de poletnih temperatur pa mislim, da bi stri\u017eenje psi\u010dki zasigurno vsaj malo olaj\u0161alo prena\u0161ati vro\u010dino. Lahko jo ostri\u017eete, sploh v primeru, \u010de vas ne moti, da bo podobna kaki drugi pasmi. Lp,\u00a0Sara Zaninovi\u0107<\/p>\n","protected":false},"excerpt":{"rendered":"<p>VPRA\u0160ANJE: imam 8 let staro dolgodlako \u0161kotsko ov\u010darko, navajeno bivanja zunaj. Imamo popolnoma ograjeno veliko dvori\u0161\u010de, sicer pa je tudi nau\u010dena da ne sme it sama s parcele (izredno brihtna psi\u010dka), te\u017eava pa nastopi poleti. Ker je izredno toplo se vedno skrije pod smreko, ki je na dvori\u0161\u010du. V zadnjem poletju je bilo na njej [&hellip;]<\/p>\n","protected":false},"author":1,"featured_media":0,"comment_status":"closed","ping_status":"closed","sticky":false,"template":"","format":"standard","meta":[],"categories":[121,132,123,365],"tags":[571,853],"acf":[],"_links":{"self":[{"href":"https:\/\/www.prva-klinika.si\/veterinarski-nasvet\/wp-json\/wp\/v2\/posts\/14334"}],"collection":[{"href":"https:\/\/www.prva-klinika.si\/veterinarski-nasvet\/wp-json\/wp\/v2\/posts"}],"about":[{"href":"https:\/\/www.prva-klinika.si\/veterinarski-nasvet\/wp-json\/wp\/v2\/types\/post"}],"author":[{"embeddable":true,"href":"https:\/\/www.prva-klinika.si\/veterinarski-nasvet\/wp-json\/wp\/v2\/users\/1"}],"replies":[{"embeddable":true,"href":"https:\/\/www.prva-klinika.si\/veterinarski-nasvet\/wp-json\/wp\/v2\/comments?post=14334"}],"version-history":[{"count":0,"href":"https:\/\/www.prva-klinika.si\/veterinarski-nasvet\/wp-json\/wp\/v2\/posts\/14334\/revisions"}],"wp:attachment":[{"href":"https:\/\/www.prva-klinika.si\/veterinarski-nasvet\/wp-json\/wp\/v2\/media?parent=14334"}],"wp:term":[{"taxonomy":"category","embeddable":true,"href":"https:\/\/www.prva-klinika.si\/veterinarski-nasvet\/wp-json\/wp\/v2\/categories?post=14334"},{"taxonomy":"post_tag","embeddable":true,"href":"https:\/\/www.prva-klinika.si\/veterinarski-nasvet\/wp-json\/wp\/v2\/tags?post=14334"}],"curies":[{"name":"wp","href":"https:\/\/api.w.org\/{rel}","templated":true}]}}