{"id":14833,"date":"2014-10-03T00:00:00","date_gmt":"2014-10-02T23:00:00","guid":{"rendered":"https:\/\/www2.prva-klinika.si\/veterinarski-nasvet\/kuza-smrdi\/"},"modified":"2014-10-03T00:00:00","modified_gmt":"2014-10-02T23:00:00","slug":"kuza-smrdi","status":"publish","type":"post","link":"https:\/\/www.prva-klinika.si\/veterinarski-nasvet\/kuza-smrdi\/","title":{"rendered":"KU\u017dA"},"content":{"rendered":"<p><strong>VPRA\u0160ANJA:<\/strong><\/p>\n<p>na\u0161 ku\u017ea, star 1 leto ima ZELO neprijeten vonj. Je manj\u0161e rasti, kratkodlak. Imamo ga v stanovanju in je to zelo neprijetno saj ima tudi stanovanje vonj po njem. Po tu\u0161iranju ne smrdi ampak 2 dni po njem se \u017ee pojavi ta neprijeten vonj. Obra\u010dam se na Vas, ker me zanima ali je res kar sem brala v drugih virih in sicer, da so za ta vonj krive analne vre\u010dke, katere veterinar sprazne in ku\u017ea nato nima ve\u010d neprijetnega vonja.\u00a0Najlep\u0161a hvala in lep pozdrav.<\/p>\n<p><strong>ODGOVOR:<\/strong><\/p>\n<p>Dr\u017ei, vonj je lahko zaradi izlo\u010dka iz analnih vre\u010dk, lahko pa je vzrok tudi drugje. Najbolje bi bilo, \u010de bi ga pripeljali, pa ga bomo pregledali. Lep pozdrav, mag. Sabina Stariha Pipan, dr. vet. med.<\/p>\n","protected":false},"excerpt":{"rendered":"<p>VPRA\u0160ANJA: na\u0161 ku\u017ea, star 1 leto ima ZELO neprijeten vonj. Je manj\u0161e rasti, kratkodlak. Imamo ga v stanovanju in je to zelo neprijetno saj ima tudi stanovanje vonj po njem. Po tu\u0161iranju ne smrdi ampak 2 dni po njem se \u017ee pojavi ta neprijeten vonj. Obra\u010dam se na Vas, ker me zanima ali je res [&hellip;]<\/p>\n","protected":false},"author":1,"featured_media":0,"comment_status":"closed","ping_status":"closed","sticky":false,"template":"","format":"standard","meta":[],"categories":[121,132,123,365],"tags":[198,522],"acf":[],"_links":{"self":[{"href":"https:\/\/www.prva-klinika.si\/veterinarski-nasvet\/wp-json\/wp\/v2\/posts\/14833"}],"collection":[{"href":"https:\/\/www.prva-klinika.si\/veterinarski-nasvet\/wp-json\/wp\/v2\/posts"}],"about":[{"href":"https:\/\/www.prva-klinika.si\/veterinarski-nasvet\/wp-json\/wp\/v2\/types\/post"}],"author":[{"embeddable":true,"href":"https:\/\/www.prva-klinika.si\/veterinarski-nasvet\/wp-json\/wp\/v2\/users\/1"}],"replies":[{"embeddable":true,"href":"https:\/\/www.prva-klinika.si\/veterinarski-nasvet\/wp-json\/wp\/v2\/comments?post=14833"}],"version-history":[{"count":0,"href":"https:\/\/www.prva-klinika.si\/veterinarski-nasvet\/wp-json\/wp\/v2\/posts\/14833\/revisions"}],"wp:attachment":[{"href":"https:\/\/www.prva-klinika.si\/veterinarski-nasvet\/wp-json\/wp\/v2\/media?parent=14833"}],"wp:term":[{"taxonomy":"category","embeddable":true,"href":"https:\/\/www.prva-klinika.si\/veterinarski-nasvet\/wp-json\/wp\/v2\/categories?post=14833"},{"taxonomy":"post_tag","embeddable":true,"href":"https:\/\/www.prva-klinika.si\/veterinarski-nasvet\/wp-json\/wp\/v2\/tags?post=14833"}],"curies":[{"name":"wp","href":"https:\/\/api.w.org\/{rel}","templated":true}]}}