{"id":14891,"date":"2014-10-29T00:00:00","date_gmt":"2014-10-28T23:00:00","guid":{"rendered":"https:\/\/www2.prva-klinika.si\/veterinarski-nasvet\/slabsi-vid-v-temi\/"},"modified":"2014-10-29T00:00:00","modified_gmt":"2014-10-28T23:00:00","slug":"slabsi-vid-v-temi","status":"publish","type":"post","link":"https:\/\/www.prva-klinika.si\/veterinarski-nasvet\/slabsi-vid-v-temi\/","title":{"rendered":"SLAB\u0160I VID V TEMI"},"content":{"rendered":"<p><strong>VPRA\u0160ANJE:<\/strong><\/p>\n<p> Imam psico, me\u0161anko z ov\u010darskimi in prina\u0161alskimi pasmami, gre proti 8 letu.<br \/> Prej\u0161nji teden, v petek se je v slab\u0161i svetlobi izogibala oviram na agilityu (preskoki, tunel). \u010cim so se reflektorji pri\u017egali je bilo OK.<br \/> Sicer sem psico v\u010deraj peljala k lokalnemu veterinarju, da pogleda in preveri, kolikor pa\u010d on lahko. Mi je tudi povedal, da za kaj ve\u010d naj pokli\u010dem dr. Zemlji\u010da. \u010ce sem si prav zapomnila, je eno oko slab\u0161e. Kakor, da bi na enem delu ne bilo \u017eil. Na zunaj je oko tako kot vedno, nima izcedka, ni pove\u010danega ali zmanj\u0161anega solzenja, obe o\u010desi enako veliki, brez odseva, ni motnosti, pri fotografiranju s fle\u0161em ni kakega \u010dudnega odbleska, zenici normalno odzivni, o\u010di je ni\u010d ne motijo, ni\u010d rde\u010dih \u017eilic, \u017ee d4 leta nobenega vnetja o\u010di&#8230;.In zdaj bi rada vedela koliko \u010dasa je varno opazovati njen vid, se prepri\u010dati o slab\u0161em vidu, predno kli\u010dem za termin pri specialistu?<\/p>\n<p><strong>ODGOVOR:<\/strong><\/p>\n<p>Pozdravljeni!\u00a0Mislim, da ni nobenega razloga, da odla\u0161ate s pregledom, \u0161e zlasti \u010de bi \u0161lo za bolezenski proces, na katerega bi se dalo vplivati z terapijo.\u00a0Lep pozdrav,\u00a0Tadej Zemlji\u010d, dr.vet.med.\u00a0Dipl ECVO<\/p>\n","protected":false},"excerpt":{"rendered":"<p>VPRA\u0160ANJE: Imam psico, me\u0161anko z ov\u010darskimi in prina\u0161alskimi pasmami, gre proti 8 letu. Prej\u0161nji teden, v petek se je v slab\u0161i svetlobi izogibala oviram na agilityu (preskoki, tunel). \u010cim so se reflektorji pri\u017egali je bilo OK. Sicer sem psico v\u010deraj peljala k lokalnemu veterinarju, da pogleda in preveri, kolikor pa\u010d on lahko. Mi je tudi [&hellip;]<\/p>\n","protected":false},"author":1,"featured_media":0,"comment_status":"closed","ping_status":"closed","sticky":false,"template":"","format":"standard","meta":[],"categories":[121,132,123,365],"tags":[135,649,236],"acf":[],"_links":{"self":[{"href":"https:\/\/www.prva-klinika.si\/veterinarski-nasvet\/wp-json\/wp\/v2\/posts\/14891"}],"collection":[{"href":"https:\/\/www.prva-klinika.si\/veterinarski-nasvet\/wp-json\/wp\/v2\/posts"}],"about":[{"href":"https:\/\/www.prva-klinika.si\/veterinarski-nasvet\/wp-json\/wp\/v2\/types\/post"}],"author":[{"embeddable":true,"href":"https:\/\/www.prva-klinika.si\/veterinarski-nasvet\/wp-json\/wp\/v2\/users\/1"}],"replies":[{"embeddable":true,"href":"https:\/\/www.prva-klinika.si\/veterinarski-nasvet\/wp-json\/wp\/v2\/comments?post=14891"}],"version-history":[{"count":0,"href":"https:\/\/www.prva-klinika.si\/veterinarski-nasvet\/wp-json\/wp\/v2\/posts\/14891\/revisions"}],"wp:attachment":[{"href":"https:\/\/www.prva-klinika.si\/veterinarski-nasvet\/wp-json\/wp\/v2\/media?parent=14891"}],"wp:term":[{"taxonomy":"category","embeddable":true,"href":"https:\/\/www.prva-klinika.si\/veterinarski-nasvet\/wp-json\/wp\/v2\/categories?post=14891"},{"taxonomy":"post_tag","embeddable":true,"href":"https:\/\/www.prva-klinika.si\/veterinarski-nasvet\/wp-json\/wp\/v2\/tags?post=14891"}],"curies":[{"name":"wp","href":"https:\/\/api.w.org\/{rel}","templated":true}]}}